{"id":13,"date":"2016-01-09T00:34:36","date_gmt":"2016-01-08T23:34:36","guid":{"rendered":"http:\/\/ar-menez-tan.com\/dev\/wordpress\/?p=13"},"modified":"2016-01-25T17:05:57","modified_gmt":"2016-01-25T16:05:57","slug":"groupe-scenique","status":"publish","type":"post","link":"https:\/\/ar-menez-tan.com\/dev\/wordpress\/groupe-scenique\/","title":{"rendered":"Groupe Sc\u00e9nique"},"content":{"rendered":"<p style=\"text-align: center;\"><a href=\"https:\/\/ar-menez-tan.com\/dev\/wordpress\/wp-content\/uploads\/2016\/01\/DSCF2000.jpg\" rel=\"attachment wp-att-14\"><img loading=\"lazy\" class=\"alignnone size-medium wp-image-14\" src=\"https:\/\/ar-menez-tan.com\/dev\/wordpress\/wp-content\/uploads\/2016\/01\/DSCF2000-300x225.jpg\" alt=\"DSCF2000\" width=\"300\" height=\"225\" srcset=\"https:\/\/ar-menez-tan.com\/dev\/wordpress\/wp-content\/uploads\/2016\/01\/DSCF2000-300x225.jpg 300w, https:\/\/ar-menez-tan.com\/dev\/wordpress\/wp-content\/uploads\/2016\/01\/DSCF2000-768x576.jpg 768w, https:\/\/ar-menez-tan.com\/dev\/wordpress\/wp-content\/uploads\/2016\/01\/DSCF2000-1024x768.jpg 1024w, https:\/\/ar-menez-tan.com\/dev\/wordpress\/wp-content\/uploads\/2016\/01\/DSCF2000.jpg 1280w\" sizes=\"auto, (max-width: 300px) 100vw, 300px\" \/><\/a><\/p>\n<h2 style=\"text-align: center;\"><span style=\"color: #0000ff;\">Groupe Sc\u00e9nique<\/span><\/h2>\n<h4 style=\"text-align: center;\"><span style=\"color: #000000;\">Le groupe sc\u00e9nique assure \u00e0 la demande<\/span><\/h4>\n<h4 style=\"text-align: center;\"><span style=\"color: #000000;\">Des animations<\/span><\/h4>\n<h4 style=\"text-align: center;\"><span style=\"color: #000000;\">Des Festo\u00f9- noz<\/span><\/h4>\n<h4 style=\"text-align: center;\"><span style=\"color: #000000;\">Des initiations \u00e0 la danse<\/span><\/h4>\n<p>&nbsp;<\/p>\n<p>&nbsp;<\/p>\n<p style=\"text-align: left;\">Vous pouvez integrer le groupe sc\u00e9nique et participer aux activit\u00e9s du groupe. Les prestations se font en costumes traditionnels ou non selon la demande.<\/p>\n<p style=\"text-align: left;\">Le cercle poss\u00e8de des costumes qui sont pr\u00e8t\u00e9s lors des festivit\u00e9s.<\/p>\n<p style=\"text-align: left;\">Les spectacles et animations sont travaill\u00e9s lors de r\u00e9p\u00e9tions avec le groupe et chaque chor\u00e9graphie est mise au point avec l&rsquo;ensemble des danseurs.<\/p>\n","protected":false},"excerpt":{"rendered":"<p>Groupe Sc\u00e9nique Le groupe sc\u00e9nique assure \u00e0 la demande Des animations Des Festo\u00f9- noz Des initiations \u00e0 la danse &nbsp; &nbsp; Vous pouvez integrer le groupe sc\u00e9nique et participer aux activit\u00e9s du groupe. Les prestations se font en costumes traditionnels ou non selon la demande. Le cercle poss\u00e8de des costumes<a href=\"https:\/\/ar-menez-tan.com\/dev\/wordpress\/groupe-scenique\/\" class=\"read-more\">Read More&#8230;<\/a><\/p>\n","protected":false},"author":1,"featured_media":0,"comment_status":"closed","ping_status":"closed","sticky":false,"template":"","format":"standard","meta":{"footnotes":""},"categories":[1],"tags":[],"class_list":["post-13","post","type-post","status-publish","format-standard","hentry","category-non-classe"],"yoast_head":"<!-- This site is optimized with the Yoast SEO plugin v26.8 - https:\/\/yoast.com\/product\/yoast-seo-wordpress\/ -->\n<title>Groupe Sc\u00e9nique &#8211; AR MENEZ TAN<\/title>\n<meta name=\"robots\" content=\"index, follow, max-snippet:-1, max-video-preview:-1, noimageindex\" \/>\n<link rel=\"canonical\" href=\"https:\/\/ar-menez-tan.com\/dev\/wordpress\/groupe-scenique\/\" \/>\n<meta property=\"og:locale\" content=\"fr_FR\" \/>\n<meta property=\"og:type\" content=\"article\" \/>\n<meta property=\"og:title\" content=\"Clermont Ferrand danse Bretonne groupe sc\u00e9nique\" \/>\n<meta property=\"og:description\" content=\"Vous etes danseur et vous desirez rejoindre un groupe sc\u00e9nique au sein d&#039;un cercle Celtique afin de faire vivre la danse Bretonne\" \/>\n<meta property=\"og:url\" content=\"https:\/\/ar-menez-tan.com\/dev\/wordpress\/groupe-scenique\/\" \/>\n<meta property=\"og:site_name\" content=\"AR MENEZ TAN\" \/>\n<meta property=\"article:published_time\" content=\"2016-01-08T23:34:36+00:00\" \/>\n<meta property=\"article:modified_time\" content=\"2016-01-25T16:05:57+00:00\" \/>\n<meta property=\"og:image\" content=\"http:\/\/ar-menez-tan.com\/dev\/wordpress\/wp-content\/uploads\/2016\/01\/youtube-groupe-scenique.jpg\" \/>\n<meta name=\"author\" content=\"admin\" \/>\n<meta name=\"twitter:label1\" content=\"\u00c9crit par\" \/>\n\t<meta name=\"twitter:data1\" content=\"admin\" \/>\n<script type=\"application\/ld+json\" class=\"yoast-schema-graph\">{\"@context\":\"https:\/\/schema.org\",\"@graph\":[{\"@type\":\"Article\",\"@id\":\"https:\/\/ar-menez-tan.com\/dev\/wordpress\/groupe-scenique\/#article\",\"isPartOf\":{\"@id\":\"https:\/\/ar-menez-tan.com\/dev\/wordpress\/groupe-scenique\/\"},\"author\":{\"name\":\"admin\",\"@id\":\"https:\/\/ar-menez-tan.com\/dev\/wordpress\/#\/schema\/person\/77a4a54746e7c6eece2474c96338c6d0\"},\"headline\":\"Groupe Sc\u00e9nique\",\"datePublished\":\"2016-01-08T23:34:36+00:00\",\"dateModified\":\"2016-01-25T16:05:57+00:00\",\"mainEntityOfPage\":{\"@id\":\"https:\/\/ar-menez-tan.com\/dev\/wordpress\/groupe-scenique\/\"},\"wordCount\":94,\"image\":{\"@id\":\"https:\/\/ar-menez-tan.com\/dev\/wordpress\/groupe-scenique\/#primaryimage\"},\"thumbnailUrl\":\"http:\/\/ar-menez-tan.com\/dev\/wordpress\/wp-content\/uploads\/2016\/01\/DSCF2000-300x225.jpg\",\"inLanguage\":\"fr-FR\"},{\"@type\":\"WebPage\",\"@id\":\"https:\/\/ar-menez-tan.com\/dev\/wordpress\/groupe-scenique\/\",\"url\":\"https:\/\/ar-menez-tan.com\/dev\/wordpress\/groupe-scenique\/\",\"name\":\"Groupe Sc\u00e9nique &#8211; AR MENEZ TAN\",\"isPartOf\":{\"@id\":\"https:\/\/ar-menez-tan.com\/dev\/wordpress\/#website\"},\"primaryImageOfPage\":{\"@id\":\"https:\/\/ar-menez-tan.com\/dev\/wordpress\/groupe-scenique\/#primaryimage\"},\"image\":{\"@id\":\"https:\/\/ar-menez-tan.com\/dev\/wordpress\/groupe-scenique\/#primaryimage\"},\"thumbnailUrl\":\"http:\/\/ar-menez-tan.com\/dev\/wordpress\/wp-content\/uploads\/2016\/01\/DSCF2000-300x225.jpg\",\"datePublished\":\"2016-01-08T23:34:36+00:00\",\"dateModified\":\"2016-01-25T16:05:57+00:00\",\"author\":{\"@id\":\"https:\/\/ar-menez-tan.com\/dev\/wordpress\/#\/schema\/person\/77a4a54746e7c6eece2474c96338c6d0\"},\"breadcrumb\":{\"@id\":\"https:\/\/ar-menez-tan.com\/dev\/wordpress\/groupe-scenique\/#breadcrumb\"},\"inLanguage\":\"fr-FR\",\"potentialAction\":[{\"@type\":\"ReadAction\",\"target\":[\"https:\/\/ar-menez-tan.com\/dev\/wordpress\/groupe-scenique\/\"]}]},{\"@type\":\"ImageObject\",\"inLanguage\":\"fr-FR\",\"@id\":\"https:\/\/ar-menez-tan.com\/dev\/wordpress\/groupe-scenique\/#primaryimage\",\"url\":\"http:\/\/ar-menez-tan.com\/dev\/wordpress\/wp-content\/uploads\/2016\/01\/DSCF2000-300x225.jpg\",\"contentUrl\":\"http:\/\/ar-menez-tan.com\/dev\/wordpress\/wp-content\/uploads\/2016\/01\/DSCF2000-300x225.jpg\"},{\"@type\":\"BreadcrumbList\",\"@id\":\"https:\/\/ar-menez-tan.com\/dev\/wordpress\/groupe-scenique\/#breadcrumb\",\"itemListElement\":[{\"@type\":\"ListItem\",\"position\":1,\"name\":\"Accueil\",\"item\":\"https:\/\/ar-menez-tan.com\/dev\/wordpress\/\"},{\"@type\":\"ListItem\",\"position\":2,\"name\":\"Groupe Sc\u00e9nique\"}]},{\"@type\":\"WebSite\",\"@id\":\"https:\/\/ar-menez-tan.com\/dev\/wordpress\/#website\",\"url\":\"https:\/\/ar-menez-tan.com\/dev\/wordpress\/\",\"name\":\"AR MENEZ TAN\",\"description\":\"Cercle Celtique Clermont Ferrand  Danse Bretonne Cours danse\",\"potentialAction\":[{\"@type\":\"SearchAction\",\"target\":{\"@type\":\"EntryPoint\",\"urlTemplate\":\"https:\/\/ar-menez-tan.com\/dev\/wordpress\/?s={search_term_string}\"},\"query-input\":{\"@type\":\"PropertyValueSpecification\",\"valueRequired\":true,\"valueName\":\"search_term_string\"}}],\"inLanguage\":\"fr-FR\"},{\"@type\":\"Person\",\"@id\":\"https:\/\/ar-menez-tan.com\/dev\/wordpress\/#\/schema\/person\/77a4a54746e7c6eece2474c96338c6d0\",\"name\":\"admin\",\"image\":{\"@type\":\"ImageObject\",\"inLanguage\":\"fr-FR\",\"@id\":\"https:\/\/ar-menez-tan.com\/dev\/wordpress\/#\/schema\/person\/image\/\",\"url\":\"https:\/\/secure.gravatar.com\/avatar\/9b9a20cc6729001a0913dbfc7ec8d9cffb782cae641f600e0a082ad476f78210?s=96&d=mm&r=g\",\"contentUrl\":\"https:\/\/secure.gravatar.com\/avatar\/9b9a20cc6729001a0913dbfc7ec8d9cffb782cae641f600e0a082ad476f78210?s=96&d=mm&r=g\",\"caption\":\"admin\"},\"url\":\"https:\/\/ar-menez-tan.com\/dev\/wordpress\/author\/admin\/\"}]}<\/script>\n<!-- \/ Yoast SEO plugin. -->","yoast_head_json":{"title":"Groupe Sc\u00e9nique &#8211; AR MENEZ TAN","robots":{"index":"index","follow":"follow","max-snippet":"max-snippet:-1","max-video-preview":"max-video-preview:-1","imageindex":"noimageindex"},"canonical":"https:\/\/ar-menez-tan.com\/dev\/wordpress\/groupe-scenique\/","og_locale":"fr_FR","og_type":"article","og_title":"Clermont Ferrand danse Bretonne groupe sc\u00e9nique","og_description":"Vous etes danseur et vous desirez rejoindre un groupe sc\u00e9nique au sein d'un cercle Celtique afin de faire vivre la danse Bretonne","og_url":"https:\/\/ar-menez-tan.com\/dev\/wordpress\/groupe-scenique\/","og_site_name":"AR MENEZ TAN","article_published_time":"2016-01-08T23:34:36+00:00","article_modified_time":"2016-01-25T16:05:57+00:00","og_image":[{"url":"http:\/\/ar-menez-tan.com\/dev\/wordpress\/wp-content\/uploads\/2016\/01\/youtube-groupe-scenique.jpg","type":"","width":"","height":""}],"author":"admin","twitter_misc":{"\u00c9crit par":"admin"},"schema":{"@context":"https:\/\/schema.org","@graph":[{"@type":"Article","@id":"https:\/\/ar-menez-tan.com\/dev\/wordpress\/groupe-scenique\/#article","isPartOf":{"@id":"https:\/\/ar-menez-tan.com\/dev\/wordpress\/groupe-scenique\/"},"author":{"name":"admin","@id":"https:\/\/ar-menez-tan.com\/dev\/wordpress\/#\/schema\/person\/77a4a54746e7c6eece2474c96338c6d0"},"headline":"Groupe Sc\u00e9nique","datePublished":"2016-01-08T23:34:36+00:00","dateModified":"2016-01-25T16:05:57+00:00","mainEntityOfPage":{"@id":"https:\/\/ar-menez-tan.com\/dev\/wordpress\/groupe-scenique\/"},"wordCount":94,"image":{"@id":"https:\/\/ar-menez-tan.com\/dev\/wordpress\/groupe-scenique\/#primaryimage"},"thumbnailUrl":"http:\/\/ar-menez-tan.com\/dev\/wordpress\/wp-content\/uploads\/2016\/01\/DSCF2000-300x225.jpg","inLanguage":"fr-FR"},{"@type":"WebPage","@id":"https:\/\/ar-menez-tan.com\/dev\/wordpress\/groupe-scenique\/","url":"https:\/\/ar-menez-tan.com\/dev\/wordpress\/groupe-scenique\/","name":"Groupe Sc\u00e9nique &#8211; AR MENEZ TAN","isPartOf":{"@id":"https:\/\/ar-menez-tan.com\/dev\/wordpress\/#website"},"primaryImageOfPage":{"@id":"https:\/\/ar-menez-tan.com\/dev\/wordpress\/groupe-scenique\/#primaryimage"},"image":{"@id":"https:\/\/ar-menez-tan.com\/dev\/wordpress\/groupe-scenique\/#primaryimage"},"thumbnailUrl":"http:\/\/ar-menez-tan.com\/dev\/wordpress\/wp-content\/uploads\/2016\/01\/DSCF2000-300x225.jpg","datePublished":"2016-01-08T23:34:36+00:00","dateModified":"2016-01-25T16:05:57+00:00","author":{"@id":"https:\/\/ar-menez-tan.com\/dev\/wordpress\/#\/schema\/person\/77a4a54746e7c6eece2474c96338c6d0"},"breadcrumb":{"@id":"https:\/\/ar-menez-tan.com\/dev\/wordpress\/groupe-scenique\/#breadcrumb"},"inLanguage":"fr-FR","potentialAction":[{"@type":"ReadAction","target":["https:\/\/ar-menez-tan.com\/dev\/wordpress\/groupe-scenique\/"]}]},{"@type":"ImageObject","inLanguage":"fr-FR","@id":"https:\/\/ar-menez-tan.com\/dev\/wordpress\/groupe-scenique\/#primaryimage","url":"http:\/\/ar-menez-tan.com\/dev\/wordpress\/wp-content\/uploads\/2016\/01\/DSCF2000-300x225.jpg","contentUrl":"http:\/\/ar-menez-tan.com\/dev\/wordpress\/wp-content\/uploads\/2016\/01\/DSCF2000-300x225.jpg"},{"@type":"BreadcrumbList","@id":"https:\/\/ar-menez-tan.com\/dev\/wordpress\/groupe-scenique\/#breadcrumb","itemListElement":[{"@type":"ListItem","position":1,"name":"Accueil","item":"https:\/\/ar-menez-tan.com\/dev\/wordpress\/"},{"@type":"ListItem","position":2,"name":"Groupe Sc\u00e9nique"}]},{"@type":"WebSite","@id":"https:\/\/ar-menez-tan.com\/dev\/wordpress\/#website","url":"https:\/\/ar-menez-tan.com\/dev\/wordpress\/","name":"AR MENEZ TAN","description":"Cercle Celtique Clermont Ferrand  Danse Bretonne Cours danse","potentialAction":[{"@type":"SearchAction","target":{"@type":"EntryPoint","urlTemplate":"https:\/\/ar-menez-tan.com\/dev\/wordpress\/?s={search_term_string}"},"query-input":{"@type":"PropertyValueSpecification","valueRequired":true,"valueName":"search_term_string"}}],"inLanguage":"fr-FR"},{"@type":"Person","@id":"https:\/\/ar-menez-tan.com\/dev\/wordpress\/#\/schema\/person\/77a4a54746e7c6eece2474c96338c6d0","name":"admin","image":{"@type":"ImageObject","inLanguage":"fr-FR","@id":"https:\/\/ar-menez-tan.com\/dev\/wordpress\/#\/schema\/person\/image\/","url":"https:\/\/secure.gravatar.com\/avatar\/9b9a20cc6729001a0913dbfc7ec8d9cffb782cae641f600e0a082ad476f78210?s=96&d=mm&r=g","contentUrl":"https:\/\/secure.gravatar.com\/avatar\/9b9a20cc6729001a0913dbfc7ec8d9cffb782cae641f600e0a082ad476f78210?s=96&d=mm&r=g","caption":"admin"},"url":"https:\/\/ar-menez-tan.com\/dev\/wordpress\/author\/admin\/"}]}},"_links":{"self":[{"href":"https:\/\/ar-menez-tan.com\/dev\/wordpress\/wp-json\/wp\/v2\/posts\/13","targetHints":{"allow":["GET"]}}],"collection":[{"href":"https:\/\/ar-menez-tan.com\/dev\/wordpress\/wp-json\/wp\/v2\/posts"}],"about":[{"href":"https:\/\/ar-menez-tan.com\/dev\/wordpress\/wp-json\/wp\/v2\/types\/post"}],"author":[{"embeddable":true,"href":"https:\/\/ar-menez-tan.com\/dev\/wordpress\/wp-json\/wp\/v2\/users\/1"}],"replies":[{"embeddable":true,"href":"https:\/\/ar-menez-tan.com\/dev\/wordpress\/wp-json\/wp\/v2\/comments?post=13"}],"version-history":[{"count":7,"href":"https:\/\/ar-menez-tan.com\/dev\/wordpress\/wp-json\/wp\/v2\/posts\/13\/revisions"}],"predecessor-version":[{"id":188,"href":"https:\/\/ar-menez-tan.com\/dev\/wordpress\/wp-json\/wp\/v2\/posts\/13\/revisions\/188"}],"wp:attachment":[{"href":"https:\/\/ar-menez-tan.com\/dev\/wordpress\/wp-json\/wp\/v2\/media?parent=13"}],"wp:term":[{"taxonomy":"category","embeddable":true,"href":"https:\/\/ar-menez-tan.com\/dev\/wordpress\/wp-json\/wp\/v2\/categories?post=13"},{"taxonomy":"post_tag","embeddable":true,"href":"https:\/\/ar-menez-tan.com\/dev\/wordpress\/wp-json\/wp\/v2\/tags?post=13"}],"curies":[{"name":"wp","href":"https:\/\/api.w.org\/{rel}","templated":true}]}}