{"id":16,"date":"2016-01-09T00:40:48","date_gmt":"2016-01-08T23:40:48","guid":{"rendered":"http:\/\/ar-menez-tan.com\/dev\/wordpress\/?p=16"},"modified":"2016-01-26T10:38:16","modified_gmt":"2016-01-26T09:38:16","slug":"fest-noz","status":"publish","type":"post","link":"https:\/\/ar-menez-tan.com\/dev\/wordpress\/fest-noz\/","title":{"rendered":"Fest-Noz"},"content":{"rendered":"<p style=\"text-align: center;\"><a href=\"https:\/\/ar-menez-tan.com\/dev\/wordpress\/wp-content\/uploads\/2016\/01\/P1190076.jpg\" rel=\"attachment wp-att-17\"><img loading=\"lazy\" class=\"alignnone size-medium wp-image-17\" src=\"https:\/\/ar-menez-tan.com\/dev\/wordpress\/wp-content\/uploads\/2016\/01\/P1190076-300x225.jpg\" alt=\"P1190076\" width=\"300\" height=\"225\" srcset=\"https:\/\/ar-menez-tan.com\/dev\/wordpress\/wp-content\/uploads\/2016\/01\/P1190076-300x225.jpg 300w, https:\/\/ar-menez-tan.com\/dev\/wordpress\/wp-content\/uploads\/2016\/01\/P1190076.jpg 640w\" sizes=\"auto, (max-width: 300px) 100vw, 300px\" \/><\/a><\/p>\n<h2 style=\"text-align: center;\"><span style=\"color: #0000ff;\">Fest -Noz<\/span><\/h2>\n<p style=\"text-align: center;\"><span style=\"color: #000000;\">Le premier vendredi de chaque mois<\/span><\/p>\n<p style=\"text-align: center;\"><span style=\"color: #000000;\">le fest noz permet de danser, de manger des crepes<\/span><\/p>\n<p style=\"text-align: center;\"><span style=\"color: #000000;\">et de d\u00e9guster du cidre<\/span><\/p>\n<p style=\"text-align: center;\">\n<p style=\"text-align: left;\">Le Fest Noz mensuel organis\u00e9 par le cercle est ouvert a tous sur invitations des adherents. Cette soir\u00e9e sans apprentissage particulier de la danse permet de retrouver l&rsquo;ambiance des Festo\u00f9 Noz Breton.<\/p>\n<p style=\"text-align: left;\">La cr\u00e9pi\u00e8re (Billig) est alors op\u00e9rationnelle pour le plus grand plaisir des participants.<\/p>\n<p style=\"text-align: left;\">Des musiciens, des chanteurs ou plus simplement des CD apportent la convivialit\u00e9 et le plaisir de danser.<\/p>\n","protected":false},"excerpt":{"rendered":"<p>Fest -Noz Le premier vendredi de chaque mois le fest noz permet de danser, de manger des crepes et de d\u00e9guster du cidre Le Fest Noz mensuel organis\u00e9 par le cercle est ouvert a tous sur invitations des adherents. Cette soir\u00e9e sans apprentissage particulier de la danse permet de retrouver<a href=\"https:\/\/ar-menez-tan.com\/dev\/wordpress\/fest-noz\/\" class=\"read-more\">Read More&#8230;<\/a><\/p>\n","protected":false},"author":1,"featured_media":0,"comment_status":"closed","ping_status":"closed","sticky":false,"template":"","format":"standard","meta":{"footnotes":""},"categories":[1],"tags":[],"class_list":["post-16","post","type-post","status-publish","format-standard","hentry","category-non-classe"],"yoast_head":"<!-- This site is optimized with the Yoast SEO plugin v26.8 - https:\/\/yoast.com\/product\/yoast-seo-wordpress\/ -->\n<title>Fest-Noz &#8211; AR MENEZ TAN<\/title>\n<meta name=\"robots\" content=\"index, follow, max-snippet:-1, max-video-preview:-1, noimageindex\" \/>\n<link rel=\"canonical\" href=\"https:\/\/ar-menez-tan.com\/dev\/wordpress\/fest-noz\/\" \/>\n<meta property=\"og:locale\" content=\"fr_FR\" \/>\n<meta property=\"og:type\" content=\"article\" \/>\n<meta property=\"og:title\" content=\"Cercle c eltique Clermont Ferrand Fest Noz Bretagne\" \/>\n<meta property=\"og:description\" content=\"Vous voulez danser Breton \u00e0 Clermont Ferrand. Nous vous proposons un fest Noz tous les mois\" \/>\n<meta property=\"og:url\" content=\"https:\/\/ar-menez-tan.com\/dev\/wordpress\/fest-noz\/\" \/>\n<meta property=\"og:site_name\" content=\"AR MENEZ TAN\" \/>\n<meta property=\"article:published_time\" content=\"2016-01-08T23:40:48+00:00\" \/>\n<meta property=\"article:modified_time\" content=\"2016-01-26T09:38:16+00:00\" \/>\n<meta property=\"og:image\" content=\"http:\/\/ar-menez-tan.com\/dev\/wordpress\/wp-content\/uploads\/2016\/01\/P1190076-300x225.jpg\" \/>\n<meta name=\"author\" content=\"admin\" \/>\n<meta name=\"twitter:label1\" content=\"\u00c9crit par\" \/>\n\t<meta name=\"twitter:data1\" content=\"admin\" \/>\n<script type=\"application\/ld+json\" class=\"yoast-schema-graph\">{\"@context\":\"https:\/\/schema.org\",\"@graph\":[{\"@type\":\"Article\",\"@id\":\"https:\/\/ar-menez-tan.com\/dev\/wordpress\/fest-noz\/#article\",\"isPartOf\":{\"@id\":\"https:\/\/ar-menez-tan.com\/dev\/wordpress\/fest-noz\/\"},\"author\":{\"name\":\"admin\",\"@id\":\"https:\/\/ar-menez-tan.com\/dev\/wordpress\/#\/schema\/person\/77a4a54746e7c6eece2474c96338c6d0\"},\"headline\":\"Fest-Noz\",\"datePublished\":\"2016-01-08T23:40:48+00:00\",\"dateModified\":\"2016-01-26T09:38:16+00:00\",\"mainEntityOfPage\":{\"@id\":\"https:\/\/ar-menez-tan.com\/dev\/wordpress\/fest-noz\/\"},\"wordCount\":92,\"image\":{\"@id\":\"https:\/\/ar-menez-tan.com\/dev\/wordpress\/fest-noz\/#primaryimage\"},\"thumbnailUrl\":\"http:\/\/ar-menez-tan.com\/dev\/wordpress\/wp-content\/uploads\/2016\/01\/P1190076-300x225.jpg\",\"inLanguage\":\"fr-FR\"},{\"@type\":\"WebPage\",\"@id\":\"https:\/\/ar-menez-tan.com\/dev\/wordpress\/fest-noz\/\",\"url\":\"https:\/\/ar-menez-tan.com\/dev\/wordpress\/fest-noz\/\",\"name\":\"Fest-Noz &#8211; AR MENEZ TAN\",\"isPartOf\":{\"@id\":\"https:\/\/ar-menez-tan.com\/dev\/wordpress\/#website\"},\"primaryImageOfPage\":{\"@id\":\"https:\/\/ar-menez-tan.com\/dev\/wordpress\/fest-noz\/#primaryimage\"},\"image\":{\"@id\":\"https:\/\/ar-menez-tan.com\/dev\/wordpress\/fest-noz\/#primaryimage\"},\"thumbnailUrl\":\"http:\/\/ar-menez-tan.com\/dev\/wordpress\/wp-content\/uploads\/2016\/01\/P1190076-300x225.jpg\",\"datePublished\":\"2016-01-08T23:40:48+00:00\",\"dateModified\":\"2016-01-26T09:38:16+00:00\",\"author\":{\"@id\":\"https:\/\/ar-menez-tan.com\/dev\/wordpress\/#\/schema\/person\/77a4a54746e7c6eece2474c96338c6d0\"},\"breadcrumb\":{\"@id\":\"https:\/\/ar-menez-tan.com\/dev\/wordpress\/fest-noz\/#breadcrumb\"},\"inLanguage\":\"fr-FR\",\"potentialAction\":[{\"@type\":\"ReadAction\",\"target\":[\"https:\/\/ar-menez-tan.com\/dev\/wordpress\/fest-noz\/\"]}]},{\"@type\":\"ImageObject\",\"inLanguage\":\"fr-FR\",\"@id\":\"https:\/\/ar-menez-tan.com\/dev\/wordpress\/fest-noz\/#primaryimage\",\"url\":\"http:\/\/ar-menez-tan.com\/dev\/wordpress\/wp-content\/uploads\/2016\/01\/P1190076-300x225.jpg\",\"contentUrl\":\"http:\/\/ar-menez-tan.com\/dev\/wordpress\/wp-content\/uploads\/2016\/01\/P1190076-300x225.jpg\"},{\"@type\":\"BreadcrumbList\",\"@id\":\"https:\/\/ar-menez-tan.com\/dev\/wordpress\/fest-noz\/#breadcrumb\",\"itemListElement\":[{\"@type\":\"ListItem\",\"position\":1,\"name\":\"Accueil\",\"item\":\"https:\/\/ar-menez-tan.com\/dev\/wordpress\/\"},{\"@type\":\"ListItem\",\"position\":2,\"name\":\"Fest-Noz\"}]},{\"@type\":\"WebSite\",\"@id\":\"https:\/\/ar-menez-tan.com\/dev\/wordpress\/#website\",\"url\":\"https:\/\/ar-menez-tan.com\/dev\/wordpress\/\",\"name\":\"AR MENEZ TAN\",\"description\":\"Cercle Celtique Clermont Ferrand  Danse Bretonne Cours danse\",\"potentialAction\":[{\"@type\":\"SearchAction\",\"target\":{\"@type\":\"EntryPoint\",\"urlTemplate\":\"https:\/\/ar-menez-tan.com\/dev\/wordpress\/?s={search_term_string}\"},\"query-input\":{\"@type\":\"PropertyValueSpecification\",\"valueRequired\":true,\"valueName\":\"search_term_string\"}}],\"inLanguage\":\"fr-FR\"},{\"@type\":\"Person\",\"@id\":\"https:\/\/ar-menez-tan.com\/dev\/wordpress\/#\/schema\/person\/77a4a54746e7c6eece2474c96338c6d0\",\"name\":\"admin\",\"image\":{\"@type\":\"ImageObject\",\"inLanguage\":\"fr-FR\",\"@id\":\"https:\/\/ar-menez-tan.com\/dev\/wordpress\/#\/schema\/person\/image\/\",\"url\":\"https:\/\/secure.gravatar.com\/avatar\/9b9a20cc6729001a0913dbfc7ec8d9cffb782cae641f600e0a082ad476f78210?s=96&d=mm&r=g\",\"contentUrl\":\"https:\/\/secure.gravatar.com\/avatar\/9b9a20cc6729001a0913dbfc7ec8d9cffb782cae641f600e0a082ad476f78210?s=96&d=mm&r=g\",\"caption\":\"admin\"},\"url\":\"https:\/\/ar-menez-tan.com\/dev\/wordpress\/author\/admin\/\"}]}<\/script>\n<!-- \/ Yoast SEO plugin. -->","yoast_head_json":{"title":"Fest-Noz &#8211; AR MENEZ TAN","robots":{"index":"index","follow":"follow","max-snippet":"max-snippet:-1","max-video-preview":"max-video-preview:-1","imageindex":"noimageindex"},"canonical":"https:\/\/ar-menez-tan.com\/dev\/wordpress\/fest-noz\/","og_locale":"fr_FR","og_type":"article","og_title":"Cercle c eltique Clermont Ferrand Fest Noz Bretagne","og_description":"Vous voulez danser Breton \u00e0 Clermont Ferrand. Nous vous proposons un fest Noz tous les mois","og_url":"https:\/\/ar-menez-tan.com\/dev\/wordpress\/fest-noz\/","og_site_name":"AR MENEZ TAN","article_published_time":"2016-01-08T23:40:48+00:00","article_modified_time":"2016-01-26T09:38:16+00:00","og_image":[{"url":"http:\/\/ar-menez-tan.com\/dev\/wordpress\/wp-content\/uploads\/2016\/01\/P1190076-300x225.jpg","type":"","width":"","height":""}],"author":"admin","twitter_misc":{"\u00c9crit par":"admin"},"schema":{"@context":"https:\/\/schema.org","@graph":[{"@type":"Article","@id":"https:\/\/ar-menez-tan.com\/dev\/wordpress\/fest-noz\/#article","isPartOf":{"@id":"https:\/\/ar-menez-tan.com\/dev\/wordpress\/fest-noz\/"},"author":{"name":"admin","@id":"https:\/\/ar-menez-tan.com\/dev\/wordpress\/#\/schema\/person\/77a4a54746e7c6eece2474c96338c6d0"},"headline":"Fest-Noz","datePublished":"2016-01-08T23:40:48+00:00","dateModified":"2016-01-26T09:38:16+00:00","mainEntityOfPage":{"@id":"https:\/\/ar-menez-tan.com\/dev\/wordpress\/fest-noz\/"},"wordCount":92,"image":{"@id":"https:\/\/ar-menez-tan.com\/dev\/wordpress\/fest-noz\/#primaryimage"},"thumbnailUrl":"http:\/\/ar-menez-tan.com\/dev\/wordpress\/wp-content\/uploads\/2016\/01\/P1190076-300x225.jpg","inLanguage":"fr-FR"},{"@type":"WebPage","@id":"https:\/\/ar-menez-tan.com\/dev\/wordpress\/fest-noz\/","url":"https:\/\/ar-menez-tan.com\/dev\/wordpress\/fest-noz\/","name":"Fest-Noz &#8211; AR MENEZ TAN","isPartOf":{"@id":"https:\/\/ar-menez-tan.com\/dev\/wordpress\/#website"},"primaryImageOfPage":{"@id":"https:\/\/ar-menez-tan.com\/dev\/wordpress\/fest-noz\/#primaryimage"},"image":{"@id":"https:\/\/ar-menez-tan.com\/dev\/wordpress\/fest-noz\/#primaryimage"},"thumbnailUrl":"http:\/\/ar-menez-tan.com\/dev\/wordpress\/wp-content\/uploads\/2016\/01\/P1190076-300x225.jpg","datePublished":"2016-01-08T23:40:48+00:00","dateModified":"2016-01-26T09:38:16+00:00","author":{"@id":"https:\/\/ar-menez-tan.com\/dev\/wordpress\/#\/schema\/person\/77a4a54746e7c6eece2474c96338c6d0"},"breadcrumb":{"@id":"https:\/\/ar-menez-tan.com\/dev\/wordpress\/fest-noz\/#breadcrumb"},"inLanguage":"fr-FR","potentialAction":[{"@type":"ReadAction","target":["https:\/\/ar-menez-tan.com\/dev\/wordpress\/fest-noz\/"]}]},{"@type":"ImageObject","inLanguage":"fr-FR","@id":"https:\/\/ar-menez-tan.com\/dev\/wordpress\/fest-noz\/#primaryimage","url":"http:\/\/ar-menez-tan.com\/dev\/wordpress\/wp-content\/uploads\/2016\/01\/P1190076-300x225.jpg","contentUrl":"http:\/\/ar-menez-tan.com\/dev\/wordpress\/wp-content\/uploads\/2016\/01\/P1190076-300x225.jpg"},{"@type":"BreadcrumbList","@id":"https:\/\/ar-menez-tan.com\/dev\/wordpress\/fest-noz\/#breadcrumb","itemListElement":[{"@type":"ListItem","position":1,"name":"Accueil","item":"https:\/\/ar-menez-tan.com\/dev\/wordpress\/"},{"@type":"ListItem","position":2,"name":"Fest-Noz"}]},{"@type":"WebSite","@id":"https:\/\/ar-menez-tan.com\/dev\/wordpress\/#website","url":"https:\/\/ar-menez-tan.com\/dev\/wordpress\/","name":"AR MENEZ TAN","description":"Cercle Celtique Clermont Ferrand  Danse Bretonne Cours danse","potentialAction":[{"@type":"SearchAction","target":{"@type":"EntryPoint","urlTemplate":"https:\/\/ar-menez-tan.com\/dev\/wordpress\/?s={search_term_string}"},"query-input":{"@type":"PropertyValueSpecification","valueRequired":true,"valueName":"search_term_string"}}],"inLanguage":"fr-FR"},{"@type":"Person","@id":"https:\/\/ar-menez-tan.com\/dev\/wordpress\/#\/schema\/person\/77a4a54746e7c6eece2474c96338c6d0","name":"admin","image":{"@type":"ImageObject","inLanguage":"fr-FR","@id":"https:\/\/ar-menez-tan.com\/dev\/wordpress\/#\/schema\/person\/image\/","url":"https:\/\/secure.gravatar.com\/avatar\/9b9a20cc6729001a0913dbfc7ec8d9cffb782cae641f600e0a082ad476f78210?s=96&d=mm&r=g","contentUrl":"https:\/\/secure.gravatar.com\/avatar\/9b9a20cc6729001a0913dbfc7ec8d9cffb782cae641f600e0a082ad476f78210?s=96&d=mm&r=g","caption":"admin"},"url":"https:\/\/ar-menez-tan.com\/dev\/wordpress\/author\/admin\/"}]}},"_links":{"self":[{"href":"https:\/\/ar-menez-tan.com\/dev\/wordpress\/wp-json\/wp\/v2\/posts\/16","targetHints":{"allow":["GET"]}}],"collection":[{"href":"https:\/\/ar-menez-tan.com\/dev\/wordpress\/wp-json\/wp\/v2\/posts"}],"about":[{"href":"https:\/\/ar-menez-tan.com\/dev\/wordpress\/wp-json\/wp\/v2\/types\/post"}],"author":[{"embeddable":true,"href":"https:\/\/ar-menez-tan.com\/dev\/wordpress\/wp-json\/wp\/v2\/users\/1"}],"replies":[{"embeddable":true,"href":"https:\/\/ar-menez-tan.com\/dev\/wordpress\/wp-json\/wp\/v2\/comments?post=16"}],"version-history":[{"count":5,"href":"https:\/\/ar-menez-tan.com\/dev\/wordpress\/wp-json\/wp\/v2\/posts\/16\/revisions"}],"predecessor-version":[{"id":191,"href":"https:\/\/ar-menez-tan.com\/dev\/wordpress\/wp-json\/wp\/v2\/posts\/16\/revisions\/191"}],"wp:attachment":[{"href":"https:\/\/ar-menez-tan.com\/dev\/wordpress\/wp-json\/wp\/v2\/media?parent=16"}],"wp:term":[{"taxonomy":"category","embeddable":true,"href":"https:\/\/ar-menez-tan.com\/dev\/wordpress\/wp-json\/wp\/v2\/categories?post=16"},{"taxonomy":"post_tag","embeddable":true,"href":"https:\/\/ar-menez-tan.com\/dev\/wordpress\/wp-json\/wp\/v2\/tags?post=16"}],"curies":[{"name":"wp","href":"https:\/\/api.w.org\/{rel}","templated":true}]}}