{"id":20,"date":"2016-01-09T00:45:44","date_gmt":"2016-01-08T23:45:44","guid":{"rendered":"http:\/\/ar-menez-tan.com\/dev\/wordpress\/?p=20"},"modified":"2016-02-02T16:22:36","modified_gmt":"2016-02-02T15:22:36","slug":"stages-de-formation","status":"publish","type":"post","link":"https:\/\/ar-menez-tan.com\/dev\/wordpress\/stages-de-formation\/","title":{"rendered":"Stages de formation"},"content":{"rendered":"<p style=\"text-align: center;\"><a href=\"https:\/\/ar-menez-tan.com\/dev\/wordpress\/wp-content\/uploads\/2016\/01\/pagegarde2-1-1.jpg\" rel=\"attachment wp-att-132\"><img loading=\"lazy\" class=\"alignnone wp-image-132\" src=\"https:\/\/ar-menez-tan.com\/dev\/wordpress\/wp-content\/uploads\/2016\/01\/pagegarde2-1-1.jpg\" alt=\"pagegarde2\" width=\"349\" height=\"201\" \/><\/a><\/p>\n<h2 style=\"text-align: center;\"><span style=\"color: #0000ff;\">Stages de Formation<\/span><\/h2>\n<h4 style=\"text-align: center;\"><span style=\"color: #000000;\"><span style=\"color: #ff0000;\">Au moins une fois par an, un stage est organis\u00e9 au sein du Cercle<\/span><br \/>\n<\/span><\/h4>\n<h4 style=\"text-align: center;\"><span style=\"color: #000000;\">Les formateurs peuvent etre ext\u00e9rieur au Cercle<\/span><\/h4>\n<h4 style=\"text-align: center;\"><span style=\"color: #000000;\">Un terroir de Bretagne est choisi pour cette session<\/span><\/h4>\n<p>&nbsp;<\/p>\n<p>Les stages propos\u00e9s dans le cadre des activit\u00e9s du Cercle sont ouverts \u00e0 tous les adh\u00e9rents. En fonction de la demande de ceux ci, un terroir ou un perfectionnement particulier est envisag\u00e9 durant un Week-end.<\/p>\n<p>&nbsp;<\/p>\n","protected":false},"excerpt":{"rendered":"<p>Stages de Formation Au moins une fois par an, un stage est organis\u00e9 au sein du Cercle Les formateurs peuvent etre ext\u00e9rieur au Cercle Un terroir de Bretagne est choisi pour cette session &nbsp; Les stages propos\u00e9s dans le cadre des activit\u00e9s du Cercle sont ouverts \u00e0 tous les adh\u00e9rents.<a href=\"https:\/\/ar-menez-tan.com\/dev\/wordpress\/stages-de-formation\/\" class=\"read-more\">Read More&#8230;<\/a><\/p>\n","protected":false},"author":1,"featured_media":0,"comment_status":"closed","ping_status":"closed","sticky":false,"template":"","format":"standard","meta":{"footnotes":""},"categories":[1],"tags":[],"class_list":["post-20","post","type-post","status-publish","format-standard","hentry","category-non-classe"],"yoast_head":"<!-- This site is optimized with the Yoast SEO plugin v26.8 - https:\/\/yoast.com\/product\/yoast-seo-wordpress\/ -->\n<title>Stages de formation &#8211; AR MENEZ TAN<\/title>\n<meta name=\"robots\" content=\"index, follow, max-snippet:-1, max-video-preview:-1, noimageindex\" \/>\n<link rel=\"canonical\" href=\"https:\/\/ar-menez-tan.com\/dev\/wordpress\/stages-de-formation\/\" \/>\n<meta property=\"og:locale\" content=\"fr_FR\" \/>\n<meta property=\"og:type\" content=\"article\" \/>\n<meta property=\"og:title\" content=\"Formation danse Bretonne\" \/>\n<meta property=\"og:description\" content=\"Vous avez envie de vous perfectionner dans la danse Bretonne. Nous vous proposons des stages de perfectionnement.\" \/>\n<meta property=\"og:url\" content=\"https:\/\/ar-menez-tan.com\/dev\/wordpress\/stages-de-formation\/\" \/>\n<meta property=\"og:site_name\" content=\"AR MENEZ TAN\" \/>\n<meta property=\"article:published_time\" content=\"2016-01-08T23:45:44+00:00\" \/>\n<meta property=\"article:modified_time\" content=\"2016-02-02T15:22:36+00:00\" \/>\n<meta property=\"og:image\" content=\"http:\/\/ar-menez-tan.com\/dev\/wordpress\/wp-content\/uploads\/2016\/01\/youtube-stage-.jpg\" \/>\n<meta name=\"author\" content=\"admin\" \/>\n<meta name=\"twitter:label1\" content=\"\u00c9crit par\" \/>\n\t<meta name=\"twitter:data1\" content=\"admin\" \/>\n<script type=\"application\/ld+json\" class=\"yoast-schema-graph\">{\"@context\":\"https:\/\/schema.org\",\"@graph\":[{\"@type\":\"Article\",\"@id\":\"https:\/\/ar-menez-tan.com\/dev\/wordpress\/stages-de-formation\/#article\",\"isPartOf\":{\"@id\":\"https:\/\/ar-menez-tan.com\/dev\/wordpress\/stages-de-formation\/\"},\"author\":{\"name\":\"admin\",\"@id\":\"https:\/\/ar-menez-tan.com\/dev\/wordpress\/#\/schema\/person\/77a4a54746e7c6eece2474c96338c6d0\"},\"headline\":\"Stages de formation\",\"datePublished\":\"2016-01-08T23:45:44+00:00\",\"dateModified\":\"2016-02-02T15:22:36+00:00\",\"mainEntityOfPage\":{\"@id\":\"https:\/\/ar-menez-tan.com\/dev\/wordpress\/stages-de-formation\/\"},\"wordCount\":76,\"image\":{\"@id\":\"https:\/\/ar-menez-tan.com\/dev\/wordpress\/stages-de-formation\/#primaryimage\"},\"thumbnailUrl\":\"http:\/\/ar-menez-tan.com\/dev\/wordpress\/wp-content\/uploads\/2016\/01\/pagegarde2-1-1.jpg\",\"inLanguage\":\"fr-FR\"},{\"@type\":\"WebPage\",\"@id\":\"https:\/\/ar-menez-tan.com\/dev\/wordpress\/stages-de-formation\/\",\"url\":\"https:\/\/ar-menez-tan.com\/dev\/wordpress\/stages-de-formation\/\",\"name\":\"Stages de formation &#8211; AR MENEZ TAN\",\"isPartOf\":{\"@id\":\"https:\/\/ar-menez-tan.com\/dev\/wordpress\/#website\"},\"primaryImageOfPage\":{\"@id\":\"https:\/\/ar-menez-tan.com\/dev\/wordpress\/stages-de-formation\/#primaryimage\"},\"image\":{\"@id\":\"https:\/\/ar-menez-tan.com\/dev\/wordpress\/stages-de-formation\/#primaryimage\"},\"thumbnailUrl\":\"http:\/\/ar-menez-tan.com\/dev\/wordpress\/wp-content\/uploads\/2016\/01\/pagegarde2-1-1.jpg\",\"datePublished\":\"2016-01-08T23:45:44+00:00\",\"dateModified\":\"2016-02-02T15:22:36+00:00\",\"author\":{\"@id\":\"https:\/\/ar-menez-tan.com\/dev\/wordpress\/#\/schema\/person\/77a4a54746e7c6eece2474c96338c6d0\"},\"breadcrumb\":{\"@id\":\"https:\/\/ar-menez-tan.com\/dev\/wordpress\/stages-de-formation\/#breadcrumb\"},\"inLanguage\":\"fr-FR\",\"potentialAction\":[{\"@type\":\"ReadAction\",\"target\":[\"https:\/\/ar-menez-tan.com\/dev\/wordpress\/stages-de-formation\/\"]}]},{\"@type\":\"ImageObject\",\"inLanguage\":\"fr-FR\",\"@id\":\"https:\/\/ar-menez-tan.com\/dev\/wordpress\/stages-de-formation\/#primaryimage\",\"url\":\"http:\/\/ar-menez-tan.com\/dev\/wordpress\/wp-content\/uploads\/2016\/01\/pagegarde2-1-1.jpg\",\"contentUrl\":\"http:\/\/ar-menez-tan.com\/dev\/wordpress\/wp-content\/uploads\/2016\/01\/pagegarde2-1-1.jpg\"},{\"@type\":\"BreadcrumbList\",\"@id\":\"https:\/\/ar-menez-tan.com\/dev\/wordpress\/stages-de-formation\/#breadcrumb\",\"itemListElement\":[{\"@type\":\"ListItem\",\"position\":1,\"name\":\"Accueil\",\"item\":\"https:\/\/ar-menez-tan.com\/dev\/wordpress\/\"},{\"@type\":\"ListItem\",\"position\":2,\"name\":\"Stages de formation\"}]},{\"@type\":\"WebSite\",\"@id\":\"https:\/\/ar-menez-tan.com\/dev\/wordpress\/#website\",\"url\":\"https:\/\/ar-menez-tan.com\/dev\/wordpress\/\",\"name\":\"AR MENEZ TAN\",\"description\":\"Cercle Celtique Clermont Ferrand  Danse Bretonne Cours danse\",\"potentialAction\":[{\"@type\":\"SearchAction\",\"target\":{\"@type\":\"EntryPoint\",\"urlTemplate\":\"https:\/\/ar-menez-tan.com\/dev\/wordpress\/?s={search_term_string}\"},\"query-input\":{\"@type\":\"PropertyValueSpecification\",\"valueRequired\":true,\"valueName\":\"search_term_string\"}}],\"inLanguage\":\"fr-FR\"},{\"@type\":\"Person\",\"@id\":\"https:\/\/ar-menez-tan.com\/dev\/wordpress\/#\/schema\/person\/77a4a54746e7c6eece2474c96338c6d0\",\"name\":\"admin\",\"image\":{\"@type\":\"ImageObject\",\"inLanguage\":\"fr-FR\",\"@id\":\"https:\/\/ar-menez-tan.com\/dev\/wordpress\/#\/schema\/person\/image\/\",\"url\":\"https:\/\/secure.gravatar.com\/avatar\/9b9a20cc6729001a0913dbfc7ec8d9cffb782cae641f600e0a082ad476f78210?s=96&d=mm&r=g\",\"contentUrl\":\"https:\/\/secure.gravatar.com\/avatar\/9b9a20cc6729001a0913dbfc7ec8d9cffb782cae641f600e0a082ad476f78210?s=96&d=mm&r=g\",\"caption\":\"admin\"},\"url\":\"https:\/\/ar-menez-tan.com\/dev\/wordpress\/author\/admin\/\"}]}<\/script>\n<!-- \/ Yoast SEO plugin. -->","yoast_head_json":{"title":"Stages de formation &#8211; AR MENEZ TAN","robots":{"index":"index","follow":"follow","max-snippet":"max-snippet:-1","max-video-preview":"max-video-preview:-1","imageindex":"noimageindex"},"canonical":"https:\/\/ar-menez-tan.com\/dev\/wordpress\/stages-de-formation\/","og_locale":"fr_FR","og_type":"article","og_title":"Formation danse Bretonne","og_description":"Vous avez envie de vous perfectionner dans la danse Bretonne. Nous vous proposons des stages de perfectionnement.","og_url":"https:\/\/ar-menez-tan.com\/dev\/wordpress\/stages-de-formation\/","og_site_name":"AR MENEZ TAN","article_published_time":"2016-01-08T23:45:44+00:00","article_modified_time":"2016-02-02T15:22:36+00:00","og_image":[{"url":"http:\/\/ar-menez-tan.com\/dev\/wordpress\/wp-content\/uploads\/2016\/01\/youtube-stage-.jpg","type":"","width":"","height":""}],"author":"admin","twitter_misc":{"\u00c9crit par":"admin"},"schema":{"@context":"https:\/\/schema.org","@graph":[{"@type":"Article","@id":"https:\/\/ar-menez-tan.com\/dev\/wordpress\/stages-de-formation\/#article","isPartOf":{"@id":"https:\/\/ar-menez-tan.com\/dev\/wordpress\/stages-de-formation\/"},"author":{"name":"admin","@id":"https:\/\/ar-menez-tan.com\/dev\/wordpress\/#\/schema\/person\/77a4a54746e7c6eece2474c96338c6d0"},"headline":"Stages de formation","datePublished":"2016-01-08T23:45:44+00:00","dateModified":"2016-02-02T15:22:36+00:00","mainEntityOfPage":{"@id":"https:\/\/ar-menez-tan.com\/dev\/wordpress\/stages-de-formation\/"},"wordCount":76,"image":{"@id":"https:\/\/ar-menez-tan.com\/dev\/wordpress\/stages-de-formation\/#primaryimage"},"thumbnailUrl":"http:\/\/ar-menez-tan.com\/dev\/wordpress\/wp-content\/uploads\/2016\/01\/pagegarde2-1-1.jpg","inLanguage":"fr-FR"},{"@type":"WebPage","@id":"https:\/\/ar-menez-tan.com\/dev\/wordpress\/stages-de-formation\/","url":"https:\/\/ar-menez-tan.com\/dev\/wordpress\/stages-de-formation\/","name":"Stages de formation &#8211; AR MENEZ TAN","isPartOf":{"@id":"https:\/\/ar-menez-tan.com\/dev\/wordpress\/#website"},"primaryImageOfPage":{"@id":"https:\/\/ar-menez-tan.com\/dev\/wordpress\/stages-de-formation\/#primaryimage"},"image":{"@id":"https:\/\/ar-menez-tan.com\/dev\/wordpress\/stages-de-formation\/#primaryimage"},"thumbnailUrl":"http:\/\/ar-menez-tan.com\/dev\/wordpress\/wp-content\/uploads\/2016\/01\/pagegarde2-1-1.jpg","datePublished":"2016-01-08T23:45:44+00:00","dateModified":"2016-02-02T15:22:36+00:00","author":{"@id":"https:\/\/ar-menez-tan.com\/dev\/wordpress\/#\/schema\/person\/77a4a54746e7c6eece2474c96338c6d0"},"breadcrumb":{"@id":"https:\/\/ar-menez-tan.com\/dev\/wordpress\/stages-de-formation\/#breadcrumb"},"inLanguage":"fr-FR","potentialAction":[{"@type":"ReadAction","target":["https:\/\/ar-menez-tan.com\/dev\/wordpress\/stages-de-formation\/"]}]},{"@type":"ImageObject","inLanguage":"fr-FR","@id":"https:\/\/ar-menez-tan.com\/dev\/wordpress\/stages-de-formation\/#primaryimage","url":"http:\/\/ar-menez-tan.com\/dev\/wordpress\/wp-content\/uploads\/2016\/01\/pagegarde2-1-1.jpg","contentUrl":"http:\/\/ar-menez-tan.com\/dev\/wordpress\/wp-content\/uploads\/2016\/01\/pagegarde2-1-1.jpg"},{"@type":"BreadcrumbList","@id":"https:\/\/ar-menez-tan.com\/dev\/wordpress\/stages-de-formation\/#breadcrumb","itemListElement":[{"@type":"ListItem","position":1,"name":"Accueil","item":"https:\/\/ar-menez-tan.com\/dev\/wordpress\/"},{"@type":"ListItem","position":2,"name":"Stages de formation"}]},{"@type":"WebSite","@id":"https:\/\/ar-menez-tan.com\/dev\/wordpress\/#website","url":"https:\/\/ar-menez-tan.com\/dev\/wordpress\/","name":"AR MENEZ TAN","description":"Cercle Celtique Clermont Ferrand  Danse Bretonne Cours danse","potentialAction":[{"@type":"SearchAction","target":{"@type":"EntryPoint","urlTemplate":"https:\/\/ar-menez-tan.com\/dev\/wordpress\/?s={search_term_string}"},"query-input":{"@type":"PropertyValueSpecification","valueRequired":true,"valueName":"search_term_string"}}],"inLanguage":"fr-FR"},{"@type":"Person","@id":"https:\/\/ar-menez-tan.com\/dev\/wordpress\/#\/schema\/person\/77a4a54746e7c6eece2474c96338c6d0","name":"admin","image":{"@type":"ImageObject","inLanguage":"fr-FR","@id":"https:\/\/ar-menez-tan.com\/dev\/wordpress\/#\/schema\/person\/image\/","url":"https:\/\/secure.gravatar.com\/avatar\/9b9a20cc6729001a0913dbfc7ec8d9cffb782cae641f600e0a082ad476f78210?s=96&d=mm&r=g","contentUrl":"https:\/\/secure.gravatar.com\/avatar\/9b9a20cc6729001a0913dbfc7ec8d9cffb782cae641f600e0a082ad476f78210?s=96&d=mm&r=g","caption":"admin"},"url":"https:\/\/ar-menez-tan.com\/dev\/wordpress\/author\/admin\/"}]}},"_links":{"self":[{"href":"https:\/\/ar-menez-tan.com\/dev\/wordpress\/wp-json\/wp\/v2\/posts\/20","targetHints":{"allow":["GET"]}}],"collection":[{"href":"https:\/\/ar-menez-tan.com\/dev\/wordpress\/wp-json\/wp\/v2\/posts"}],"about":[{"href":"https:\/\/ar-menez-tan.com\/dev\/wordpress\/wp-json\/wp\/v2\/types\/post"}],"author":[{"embeddable":true,"href":"https:\/\/ar-menez-tan.com\/dev\/wordpress\/wp-json\/wp\/v2\/users\/1"}],"replies":[{"embeddable":true,"href":"https:\/\/ar-menez-tan.com\/dev\/wordpress\/wp-json\/wp\/v2\/comments?post=20"}],"version-history":[{"count":10,"href":"https:\/\/ar-menez-tan.com\/dev\/wordpress\/wp-json\/wp\/v2\/posts\/20\/revisions"}],"predecessor-version":[{"id":223,"href":"https:\/\/ar-menez-tan.com\/dev\/wordpress\/wp-json\/wp\/v2\/posts\/20\/revisions\/223"}],"wp:attachment":[{"href":"https:\/\/ar-menez-tan.com\/dev\/wordpress\/wp-json\/wp\/v2\/media?parent=20"}],"wp:term":[{"taxonomy":"category","embeddable":true,"href":"https:\/\/ar-menez-tan.com\/dev\/wordpress\/wp-json\/wp\/v2\/categories?post=20"},{"taxonomy":"post_tag","embeddable":true,"href":"https:\/\/ar-menez-tan.com\/dev\/wordpress\/wp-json\/wp\/v2\/tags?post=20"}],"curies":[{"name":"wp","href":"https:\/\/api.w.org\/{rel}","templated":true}]}}