{"id":24,"date":"2016-01-09T00:50:16","date_gmt":"2016-01-08T23:50:16","guid":{"rendered":"http:\/\/ar-menez-tan.com\/dev\/wordpress\/?p=24"},"modified":"2016-02-02T16:20:48","modified_gmt":"2016-02-02T15:20:48","slug":"initiation-a-danse","status":"publish","type":"post","link":"https:\/\/ar-menez-tan.com\/dev\/wordpress\/initiation-a-danse\/","title":{"rendered":"Initiation \u00e0 la danse"},"content":{"rendered":"<p style=\"text-align: center;\"><a href=\"https:\/\/ar-menez-tan.com\/dev\/wordpress\/wp-content\/uploads\/2016\/01\/IMG_0235.jpg\" rel=\"attachment wp-att-25\"><img loading=\"lazy\" class=\"alignnone size-medium wp-image-25\" src=\"https:\/\/ar-menez-tan.com\/dev\/wordpress\/wp-content\/uploads\/2016\/01\/IMG_0235-300x225.jpg\" alt=\"IMG_0235\" width=\"300\" height=\"225\" srcset=\"https:\/\/ar-menez-tan.com\/dev\/wordpress\/wp-content\/uploads\/2016\/01\/IMG_0235-300x225.jpg 300w, https:\/\/ar-menez-tan.com\/dev\/wordpress\/wp-content\/uploads\/2016\/01\/IMG_0235-768x576.jpg 768w, https:\/\/ar-menez-tan.com\/dev\/wordpress\/wp-content\/uploads\/2016\/01\/IMG_0235-1024x768.jpg 1024w\" sizes=\"auto, (max-width: 300px) 100vw, 300px\" \/><\/a><\/p>\n<h2 style=\"text-align: center;\"><span style=\"color: #3366ff;\"><strong><span style=\"color: #0000ff;\">Initiation Perfectionnement et pratique de la danse Bretonne<\/span><br \/>\n<\/strong><\/span><\/h2>\n<h4 style=\"text-align: center;\"><span style=\"color: #ff0000;\">Les cours sont ouverts \u00e0 tous les niveaux de danseurs<\/span><\/h4>\n<h4 style=\"text-align: center;\"><span style=\"color: #ff0000;\">Ils ont lieu tous les vendredis de 20h30 \u00e0 23 h<\/span><\/h4>\n<p style=\"text-align: center;\">\n<p style=\"text-align: left;\">Tous les terroirs Bretons sont pratiqu\u00e9s au cours de la saison \u00e0 Clermont Ferrand. Le suivi des cours vous assurera de maitriser ou de vous perfectionner dans la grande majorit\u00e9 des danses pratiqu\u00e9es en Fest Noz.<\/p>\n<p style=\"text-align: left;\">Quel que soit votre niveau de danse, vous pouvez participer. En d\u00e9but de saison, les d\u00e9butants peuvent acqu\u00e9rir les bases de la danse bretonne et ainsi partager avec les danseurs confirm\u00e9s la seconde moiti\u00e9 de saison consacr\u00e9e \u00e0 des danses plus complexes ou particuli\u00e8res aux differents terroirs (bro) de Bretagne.<\/p>\n<p style=\"text-align: left;\">Un accomodement est pr\u00e9vu pour l&rsquo;arriv\u00e9e de d\u00e9butants en cours de saison si besoin.<\/p>\n","protected":false},"excerpt":{"rendered":"<p>Initiation Perfectionnement et pratique de la danse Bretonne Les cours sont ouverts \u00e0 tous les niveaux de danseurs Ils ont lieu tous les vendredis de 20h30 \u00e0 23 h Tous les terroirs Bretons sont pratiqu\u00e9s au cours de la saison \u00e0 Clermont Ferrand. Le suivi des cours vous assurera de<a href=\"https:\/\/ar-menez-tan.com\/dev\/wordpress\/initiation-a-danse\/\" class=\"read-more\">Read More&#8230;<\/a><\/p>\n","protected":false},"author":1,"featured_media":0,"comment_status":"closed","ping_status":"closed","sticky":false,"template":"","format":"standard","meta":{"footnotes":""},"categories":[1],"tags":[],"class_list":["post-24","post","type-post","status-publish","format-standard","hentry","category-non-classe"],"yoast_head":"<!-- This site is optimized with the Yoast SEO plugin v26.8 - https:\/\/yoast.com\/product\/yoast-seo-wordpress\/ -->\n<title>Initiation \u00e0 la danse &#8211; AR MENEZ TAN<\/title>\n<meta name=\"robots\" content=\"index, follow, max-snippet:-1, max-video-preview:-1, noimageindex\" \/>\n<link rel=\"canonical\" href=\"https:\/\/ar-menez-tan.com\/dev\/wordpress\/initiation-a-danse\/\" \/>\n<meta property=\"og:locale\" content=\"fr_FR\" \/>\n<meta property=\"og:type\" content=\"article\" \/>\n<meta property=\"og:title\" content=\"Danse bretonne \u00e0 Clermont Ferrand\" \/>\n<meta property=\"og:description\" content=\"Vous avez envie d&#039;apprendre les danses Bretonnes ou de participer a des Fest Noz. Venez nous rejoindre !\" \/>\n<meta property=\"og:url\" content=\"https:\/\/ar-menez-tan.com\/dev\/wordpress\/initiation-a-danse\/\" \/>\n<meta property=\"og:site_name\" content=\"AR MENEZ TAN\" \/>\n<meta property=\"article:published_time\" content=\"2016-01-08T23:50:16+00:00\" \/>\n<meta property=\"article:modified_time\" content=\"2016-02-02T15:20:48+00:00\" \/>\n<meta property=\"og:image\" content=\"http:\/\/ar-menez-tan.com\/dev\/wordpress\/wp-content\/uploads\/2016\/01\/image-youtube-initiation.jpg\" \/>\n<meta name=\"author\" content=\"admin\" \/>\n<meta name=\"twitter:label1\" content=\"\u00c9crit par\" \/>\n\t<meta name=\"twitter:data1\" content=\"admin\" \/>\n\t<meta name=\"twitter:label2\" content=\"Dur\u00e9e de lecture estim\u00e9e\" \/>\n\t<meta name=\"twitter:data2\" content=\"1 minute\" \/>\n<script type=\"application\/ld+json\" class=\"yoast-schema-graph\">{\"@context\":\"https:\/\/schema.org\",\"@graph\":[{\"@type\":\"Article\",\"@id\":\"https:\/\/ar-menez-tan.com\/dev\/wordpress\/initiation-a-danse\/#article\",\"isPartOf\":{\"@id\":\"https:\/\/ar-menez-tan.com\/dev\/wordpress\/initiation-a-danse\/\"},\"author\":{\"name\":\"admin\",\"@id\":\"https:\/\/ar-menez-tan.com\/dev\/wordpress\/#\/schema\/person\/77a4a54746e7c6eece2474c96338c6d0\"},\"headline\":\"Initiation \u00e0 la danse\",\"datePublished\":\"2016-01-08T23:50:16+00:00\",\"dateModified\":\"2016-02-02T15:20:48+00:00\",\"mainEntityOfPage\":{\"@id\":\"https:\/\/ar-menez-tan.com\/dev\/wordpress\/initiation-a-danse\/\"},\"wordCount\":139,\"image\":{\"@id\":\"https:\/\/ar-menez-tan.com\/dev\/wordpress\/initiation-a-danse\/#primaryimage\"},\"thumbnailUrl\":\"http:\/\/ar-menez-tan.com\/dev\/wordpress\/wp-content\/uploads\/2016\/01\/IMG_0235-300x225.jpg\",\"inLanguage\":\"fr-FR\"},{\"@type\":\"WebPage\",\"@id\":\"https:\/\/ar-menez-tan.com\/dev\/wordpress\/initiation-a-danse\/\",\"url\":\"https:\/\/ar-menez-tan.com\/dev\/wordpress\/initiation-a-danse\/\",\"name\":\"Initiation \u00e0 la danse &#8211; AR MENEZ TAN\",\"isPartOf\":{\"@id\":\"https:\/\/ar-menez-tan.com\/dev\/wordpress\/#website\"},\"primaryImageOfPage\":{\"@id\":\"https:\/\/ar-menez-tan.com\/dev\/wordpress\/initiation-a-danse\/#primaryimage\"},\"image\":{\"@id\":\"https:\/\/ar-menez-tan.com\/dev\/wordpress\/initiation-a-danse\/#primaryimage\"},\"thumbnailUrl\":\"http:\/\/ar-menez-tan.com\/dev\/wordpress\/wp-content\/uploads\/2016\/01\/IMG_0235-300x225.jpg\",\"datePublished\":\"2016-01-08T23:50:16+00:00\",\"dateModified\":\"2016-02-02T15:20:48+00:00\",\"author\":{\"@id\":\"https:\/\/ar-menez-tan.com\/dev\/wordpress\/#\/schema\/person\/77a4a54746e7c6eece2474c96338c6d0\"},\"breadcrumb\":{\"@id\":\"https:\/\/ar-menez-tan.com\/dev\/wordpress\/initiation-a-danse\/#breadcrumb\"},\"inLanguage\":\"fr-FR\",\"potentialAction\":[{\"@type\":\"ReadAction\",\"target\":[\"https:\/\/ar-menez-tan.com\/dev\/wordpress\/initiation-a-danse\/\"]}]},{\"@type\":\"ImageObject\",\"inLanguage\":\"fr-FR\",\"@id\":\"https:\/\/ar-menez-tan.com\/dev\/wordpress\/initiation-a-danse\/#primaryimage\",\"url\":\"http:\/\/ar-menez-tan.com\/dev\/wordpress\/wp-content\/uploads\/2016\/01\/IMG_0235-300x225.jpg\",\"contentUrl\":\"http:\/\/ar-menez-tan.com\/dev\/wordpress\/wp-content\/uploads\/2016\/01\/IMG_0235-300x225.jpg\"},{\"@type\":\"BreadcrumbList\",\"@id\":\"https:\/\/ar-menez-tan.com\/dev\/wordpress\/initiation-a-danse\/#breadcrumb\",\"itemListElement\":[{\"@type\":\"ListItem\",\"position\":1,\"name\":\"Accueil\",\"item\":\"https:\/\/ar-menez-tan.com\/dev\/wordpress\/\"},{\"@type\":\"ListItem\",\"position\":2,\"name\":\"Initiation \u00e0 la danse\"}]},{\"@type\":\"WebSite\",\"@id\":\"https:\/\/ar-menez-tan.com\/dev\/wordpress\/#website\",\"url\":\"https:\/\/ar-menez-tan.com\/dev\/wordpress\/\",\"name\":\"AR MENEZ TAN\",\"description\":\"Cercle Celtique Clermont Ferrand  Danse Bretonne Cours danse\",\"potentialAction\":[{\"@type\":\"SearchAction\",\"target\":{\"@type\":\"EntryPoint\",\"urlTemplate\":\"https:\/\/ar-menez-tan.com\/dev\/wordpress\/?s={search_term_string}\"},\"query-input\":{\"@type\":\"PropertyValueSpecification\",\"valueRequired\":true,\"valueName\":\"search_term_string\"}}],\"inLanguage\":\"fr-FR\"},{\"@type\":\"Person\",\"@id\":\"https:\/\/ar-menez-tan.com\/dev\/wordpress\/#\/schema\/person\/77a4a54746e7c6eece2474c96338c6d0\",\"name\":\"admin\",\"image\":{\"@type\":\"ImageObject\",\"inLanguage\":\"fr-FR\",\"@id\":\"https:\/\/ar-menez-tan.com\/dev\/wordpress\/#\/schema\/person\/image\/\",\"url\":\"https:\/\/secure.gravatar.com\/avatar\/9b9a20cc6729001a0913dbfc7ec8d9cffb782cae641f600e0a082ad476f78210?s=96&d=mm&r=g\",\"contentUrl\":\"https:\/\/secure.gravatar.com\/avatar\/9b9a20cc6729001a0913dbfc7ec8d9cffb782cae641f600e0a082ad476f78210?s=96&d=mm&r=g\",\"caption\":\"admin\"},\"url\":\"https:\/\/ar-menez-tan.com\/dev\/wordpress\/author\/admin\/\"}]}<\/script>\n<!-- \/ Yoast SEO plugin. -->","yoast_head_json":{"title":"Initiation \u00e0 la danse &#8211; AR MENEZ TAN","robots":{"index":"index","follow":"follow","max-snippet":"max-snippet:-1","max-video-preview":"max-video-preview:-1","imageindex":"noimageindex"},"canonical":"https:\/\/ar-menez-tan.com\/dev\/wordpress\/initiation-a-danse\/","og_locale":"fr_FR","og_type":"article","og_title":"Danse bretonne \u00e0 Clermont Ferrand","og_description":"Vous avez envie d'apprendre les danses Bretonnes ou de participer a des Fest Noz. Venez nous rejoindre !","og_url":"https:\/\/ar-menez-tan.com\/dev\/wordpress\/initiation-a-danse\/","og_site_name":"AR MENEZ TAN","article_published_time":"2016-01-08T23:50:16+00:00","article_modified_time":"2016-02-02T15:20:48+00:00","og_image":[{"url":"http:\/\/ar-menez-tan.com\/dev\/wordpress\/wp-content\/uploads\/2016\/01\/image-youtube-initiation.jpg","type":"","width":"","height":""}],"author":"admin","twitter_misc":{"\u00c9crit par":"admin","Dur\u00e9e de lecture estim\u00e9e":"1 minute"},"schema":{"@context":"https:\/\/schema.org","@graph":[{"@type":"Article","@id":"https:\/\/ar-menez-tan.com\/dev\/wordpress\/initiation-a-danse\/#article","isPartOf":{"@id":"https:\/\/ar-menez-tan.com\/dev\/wordpress\/initiation-a-danse\/"},"author":{"name":"admin","@id":"https:\/\/ar-menez-tan.com\/dev\/wordpress\/#\/schema\/person\/77a4a54746e7c6eece2474c96338c6d0"},"headline":"Initiation \u00e0 la danse","datePublished":"2016-01-08T23:50:16+00:00","dateModified":"2016-02-02T15:20:48+00:00","mainEntityOfPage":{"@id":"https:\/\/ar-menez-tan.com\/dev\/wordpress\/initiation-a-danse\/"},"wordCount":139,"image":{"@id":"https:\/\/ar-menez-tan.com\/dev\/wordpress\/initiation-a-danse\/#primaryimage"},"thumbnailUrl":"http:\/\/ar-menez-tan.com\/dev\/wordpress\/wp-content\/uploads\/2016\/01\/IMG_0235-300x225.jpg","inLanguage":"fr-FR"},{"@type":"WebPage","@id":"https:\/\/ar-menez-tan.com\/dev\/wordpress\/initiation-a-danse\/","url":"https:\/\/ar-menez-tan.com\/dev\/wordpress\/initiation-a-danse\/","name":"Initiation \u00e0 la danse &#8211; AR MENEZ TAN","isPartOf":{"@id":"https:\/\/ar-menez-tan.com\/dev\/wordpress\/#website"},"primaryImageOfPage":{"@id":"https:\/\/ar-menez-tan.com\/dev\/wordpress\/initiation-a-danse\/#primaryimage"},"image":{"@id":"https:\/\/ar-menez-tan.com\/dev\/wordpress\/initiation-a-danse\/#primaryimage"},"thumbnailUrl":"http:\/\/ar-menez-tan.com\/dev\/wordpress\/wp-content\/uploads\/2016\/01\/IMG_0235-300x225.jpg","datePublished":"2016-01-08T23:50:16+00:00","dateModified":"2016-02-02T15:20:48+00:00","author":{"@id":"https:\/\/ar-menez-tan.com\/dev\/wordpress\/#\/schema\/person\/77a4a54746e7c6eece2474c96338c6d0"},"breadcrumb":{"@id":"https:\/\/ar-menez-tan.com\/dev\/wordpress\/initiation-a-danse\/#breadcrumb"},"inLanguage":"fr-FR","potentialAction":[{"@type":"ReadAction","target":["https:\/\/ar-menez-tan.com\/dev\/wordpress\/initiation-a-danse\/"]}]},{"@type":"ImageObject","inLanguage":"fr-FR","@id":"https:\/\/ar-menez-tan.com\/dev\/wordpress\/initiation-a-danse\/#primaryimage","url":"http:\/\/ar-menez-tan.com\/dev\/wordpress\/wp-content\/uploads\/2016\/01\/IMG_0235-300x225.jpg","contentUrl":"http:\/\/ar-menez-tan.com\/dev\/wordpress\/wp-content\/uploads\/2016\/01\/IMG_0235-300x225.jpg"},{"@type":"BreadcrumbList","@id":"https:\/\/ar-menez-tan.com\/dev\/wordpress\/initiation-a-danse\/#breadcrumb","itemListElement":[{"@type":"ListItem","position":1,"name":"Accueil","item":"https:\/\/ar-menez-tan.com\/dev\/wordpress\/"},{"@type":"ListItem","position":2,"name":"Initiation \u00e0 la danse"}]},{"@type":"WebSite","@id":"https:\/\/ar-menez-tan.com\/dev\/wordpress\/#website","url":"https:\/\/ar-menez-tan.com\/dev\/wordpress\/","name":"AR MENEZ TAN","description":"Cercle Celtique Clermont Ferrand  Danse Bretonne Cours danse","potentialAction":[{"@type":"SearchAction","target":{"@type":"EntryPoint","urlTemplate":"https:\/\/ar-menez-tan.com\/dev\/wordpress\/?s={search_term_string}"},"query-input":{"@type":"PropertyValueSpecification","valueRequired":true,"valueName":"search_term_string"}}],"inLanguage":"fr-FR"},{"@type":"Person","@id":"https:\/\/ar-menez-tan.com\/dev\/wordpress\/#\/schema\/person\/77a4a54746e7c6eece2474c96338c6d0","name":"admin","image":{"@type":"ImageObject","inLanguage":"fr-FR","@id":"https:\/\/ar-menez-tan.com\/dev\/wordpress\/#\/schema\/person\/image\/","url":"https:\/\/secure.gravatar.com\/avatar\/9b9a20cc6729001a0913dbfc7ec8d9cffb782cae641f600e0a082ad476f78210?s=96&d=mm&r=g","contentUrl":"https:\/\/secure.gravatar.com\/avatar\/9b9a20cc6729001a0913dbfc7ec8d9cffb782cae641f600e0a082ad476f78210?s=96&d=mm&r=g","caption":"admin"},"url":"https:\/\/ar-menez-tan.com\/dev\/wordpress\/author\/admin\/"}]}},"_links":{"self":[{"href":"https:\/\/ar-menez-tan.com\/dev\/wordpress\/wp-json\/wp\/v2\/posts\/24","targetHints":{"allow":["GET"]}}],"collection":[{"href":"https:\/\/ar-menez-tan.com\/dev\/wordpress\/wp-json\/wp\/v2\/posts"}],"about":[{"href":"https:\/\/ar-menez-tan.com\/dev\/wordpress\/wp-json\/wp\/v2\/types\/post"}],"author":[{"embeddable":true,"href":"https:\/\/ar-menez-tan.com\/dev\/wordpress\/wp-json\/wp\/v2\/users\/1"}],"replies":[{"embeddable":true,"href":"https:\/\/ar-menez-tan.com\/dev\/wordpress\/wp-json\/wp\/v2\/comments?post=24"}],"version-history":[{"count":11,"href":"https:\/\/ar-menez-tan.com\/dev\/wordpress\/wp-json\/wp\/v2\/posts\/24\/revisions"}],"predecessor-version":[{"id":222,"href":"https:\/\/ar-menez-tan.com\/dev\/wordpress\/wp-json\/wp\/v2\/posts\/24\/revisions\/222"}],"wp:attachment":[{"href":"https:\/\/ar-menez-tan.com\/dev\/wordpress\/wp-json\/wp\/v2\/media?parent=24"}],"wp:term":[{"taxonomy":"category","embeddable":true,"href":"https:\/\/ar-menez-tan.com\/dev\/wordpress\/wp-json\/wp\/v2\/categories?post=24"},{"taxonomy":"post_tag","embeddable":true,"href":"https:\/\/ar-menez-tan.com\/dev\/wordpress\/wp-json\/wp\/v2\/tags?post=24"}],"curies":[{"name":"wp","href":"https:\/\/api.w.org\/{rel}","templated":true}]}}